{"id":1756,"date":"2022-03-17T11:23:35","date_gmt":"2022-03-17T08:23:35","guid":{"rendered":"https:\/\/all-aesthetics.com\/?p=1756"},"modified":"2022-11-17T17:34:20","modified_gmt":"2022-11-17T14:34:20","slug":"acik-cagri","status":"publish","type":"post","link":"https:\/\/bergamatiyatrofestivali.com\/en\/acik-cagri\/","title":{"rendered":"a\u00e7\u0131k \u00e7a\u011fr\u0131"},"content":{"rendered":"<p><img loading=\"lazy\" decoding=\"async\" class=\"alignnone size-full wp-image-1757\" src=\"https:\/\/all-aesthetics.com\/wp-content\/uploads\/2022\/03\/PHOTO-2021-08-30-01-38-08-2-1.jpg\" alt=\"\" width=\"1600\" height=\"900\" srcset=\"https:\/\/bergamatiyatrofestivali.com\/wp-content\/uploads\/2022\/03\/PHOTO-2021-08-30-01-38-08-2-1.jpg 1600w, https:\/\/bergamatiyatrofestivali.com\/wp-content\/uploads\/2022\/03\/PHOTO-2021-08-30-01-38-08-2-1-300x169.jpg 300w, https:\/\/bergamatiyatrofestivali.com\/wp-content\/uploads\/2022\/03\/PHOTO-2021-08-30-01-38-08-2-1-1030x579.jpg 1030w, https:\/\/bergamatiyatrofestivali.com\/wp-content\/uploads\/2022\/03\/PHOTO-2021-08-30-01-38-08-2-1-768x432.jpg 768w, https:\/\/bergamatiyatrofestivali.com\/wp-content\/uploads\/2022\/03\/PHOTO-2021-08-30-01-38-08-2-1-1536x864.jpg 1536w, https:\/\/bergamatiyatrofestivali.com\/wp-content\/uploads\/2022\/03\/PHOTO-2021-08-30-01-38-08-2-1-18x10.jpg 18w, https:\/\/bergamatiyatrofestivali.com\/wp-content\/uploads\/2022\/03\/PHOTO-2021-08-30-01-38-08-2-1-1500x844.jpg 1500w, https:\/\/bergamatiyatrofestivali.com\/wp-content\/uploads\/2022\/03\/PHOTO-2021-08-30-01-38-08-2-1-705x397.jpg 705w\" sizes=\"auto, (max-width: 1600px) 100vw, 1600px\" \/><\/p>\n<p><strong>An open call to the communities engaged in artistic production in the Aegean Region for the 2022 edition of the Bergama Theatre Festival:<\/strong><\/p>\n<p>Bergama Tiyatro Festivali\u2019ni her y\u0131l birlikte b\u00fcy\u00fct\u00fcyor ve d\u00f6n\u00fc\u015ft\u00fcr\u00fcyoruz. Ge\u00e7ti\u011fimiz y\u0131l festivalin bir g\u00fcn\u00fcn\u00fc Ege B\u00f6lgesi\u2019nde \u00fcretim yapan topluluklar\u0131n oyunlar\u0131na ay\u0131rm\u0131\u015ft\u0131k. Kurdu\u011fumuz bu dayan\u0131\u015fma ile, festivalin Bergama ve b\u00f6lge ile kurdu\u011fu ili\u015fkiyi daha \u00e7ok konu\u015fup, payla\u015fabildik. Bu sene de; amat\u00f6r-profesyonel tiyatro \u00fcreticilerini bir araya getirme hedefi ta\u015f\u0131yan \u201cSekt\u00f6rle\u015fme\u201d ve b\u00f6lgedeki sanat \u00fcreticileriyle bulu\u015fmay\u0131 hedefleyen <strong>\u201cYerelle\u015fme\u201d<\/strong> odaklar\u0131m\u0131z\u0131 sizlerin de kat\u0131l\u0131m\u0131yla derinle\u015ftirmek istiyoruz.<\/p>\n<p>Yak\u0131nda tarih ve program detaylar\u0131n\u0131 duyurmaya ba\u015flayaca\u011f\u0131m\u0131z bu y\u0131lki edisyonda da \u00e7evredeki tiyatro gruplar\u0131 ile tan\u0131\u015fmak, bu tan\u0131\u015f\u0131kl\u0131klar\u0131 izleyicimizle bulu\u015fturmak ve festival atmosferinde kolektif bir deneyim yaratmak amac\u0131yla; Ege B\u00f6lgesi\u2019ndeki tiyatro gruplar\u0131n\u0131 10.03.2022 tarihine kadar biyografimize ba\u011flant\u0131s\u0131n\u0131 ekledi\u011fimiz ba\u015fvurumu formunu doldurmaya davet ediyoruz.<\/p>\n<p>Festivale dair haberler yolda, <strong>sizlerle bulu\u015fmak i\u00e7in sab\u0131rs\u0131zlan\u0131yoruz!<\/strong><\/p>","protected":false},"excerpt":{"rendered":"<p>Bergama Tiyatro Festivali 2022 edisyonu i\u00e7in Ege B\u00f6lgesi\u2019nde sanatsal \u00fcretim yapan topluluklara a\u00e7\u0131k \u00e7a\u011fr\u0131: Bergama Tiyatro Festivali\u2019ni her y\u0131l birlikte b\u00fcy\u00fct\u00fcyor ve d\u00f6n\u00fc\u015ft\u00fcr\u00fcyoruz. Ge\u00e7ti\u011fimiz y\u0131l festivalin bir g\u00fcn\u00fcn\u00fc Ege B\u00f6lgesi\u2019nde \u00fcretim yapan topluluklar\u0131n oyunlar\u0131na ay\u0131rm\u0131\u015ft\u0131k. Kurdu\u011fumuz bu dayan\u0131\u015fma ile, festivalin Bergama ve b\u00f6lge ile kurdu\u011fu ili\u015fkiyi daha \u00e7ok konu\u015fup, payla\u015fabildik. Bu sene de; amat\u00f6r-profesyonel tiyatro [&hellip;]<\/p>","protected":false},"author":2,"featured_media":0,"comment_status":"closed","ping_status":"closed","sticky":false,"template":"","format":"image","meta":{"footnotes":""},"categories":[28],"tags":[],"class_list":["post-1756","post","type-post","status-publish","format-image","hentry","category-duyurular","post_format-post-format-image"],"_links":{"self":[{"href":"https:\/\/bergamatiyatrofestivali.com\/en\/wp-json\/wp\/v2\/posts\/1756","targetHints":{"allow":["GET"]}}],"collection":[{"href":"https:\/\/bergamatiyatrofestivali.com\/en\/wp-json\/wp\/v2\/posts"}],"about":[{"href":"https:\/\/bergamatiyatrofestivali.com\/en\/wp-json\/wp\/v2\/types\/post"}],"author":[{"embeddable":true,"href":"https:\/\/bergamatiyatrofestivali.com\/en\/wp-json\/wp\/v2\/users\/2"}],"replies":[{"embeddable":true,"href":"https:\/\/bergamatiyatrofestivali.com\/en\/wp-json\/wp\/v2\/comments?post=1756"}],"version-history":[{"count":2,"href":"https:\/\/bergamatiyatrofestivali.com\/en\/wp-json\/wp\/v2\/posts\/1756\/revisions"}],"predecessor-version":[{"id":1761,"href":"https:\/\/bergamatiyatrofestivali.com\/en\/wp-json\/wp\/v2\/posts\/1756\/revisions\/1761"}],"wp:attachment":[{"href":"https:\/\/bergamatiyatrofestivali.com\/en\/wp-json\/wp\/v2\/media?parent=1756"}],"wp:term":[{"taxonomy":"category","embeddable":true,"href":"https:\/\/bergamatiyatrofestivali.com\/en\/wp-json\/wp\/v2\/categories?post=1756"},{"taxonomy":"post_tag","embeddable":true,"href":"https:\/\/bergamatiyatrofestivali.com\/en\/wp-json\/wp\/v2\/tags?post=1756"}],"curies":[{"name":"wp","href":"https:\/\/api.w.org\/{rel}","templated":true}]}}